{"id":12546,"date":"2022-09-28T12:14:27","date_gmt":"2022-09-28T18:14:27","guid":{"rendered":"https:\/\/www.aprendamandarin.com\/?p=12546"},"modified":"2022-09-28T12:14:36","modified_gmt":"2022-09-28T18:14:36","slug":"12546","status":"publish","type":"post","link":"https:\/\/www.aprendamandarin.com\/en\/2022\/09\/28\/12546\/","title":{"rendered":""},"content":{"rendered":"<p style=\"text-align: center;\"><strong>CONFUCIO<\/strong><\/p>\n<p>El\u00a028 de septiembre\u00a0de 551 A.C. nace\u00a0Confucio, un fil\u00f3sofo, moralista, estadista y pedagogo chino, probablemente la figura intelectual m\u00e1s famosa del gigante asi\u00e1tico.<\/p>\n<p>El pensamiento de Confucio ha sido el responsable de moldear la cultura del pueblo chino ya sea en las artes, la pol\u00edtica, la religi\u00f3n, la moral, las costumbres, la organizaci\u00f3n social y la educaci\u00f3n.<\/p>\n<p>La filosof\u00eda de Confucio se denomina confucianismo. La \u00e9tica es el punto clave de su filosof\u00eda, ense\u00f1ando las reglas morales que los hombres han de tener: virtud, benevolencia, reciprocidad, sabidur\u00eda, sinceridad, justicia, orden y el respeto a los dem\u00e1s.<\/p>\n<p>Confucio consideraba que todas estas virtudes eran necesarias no solo para alcanzar nuestra propia felicidad, sino especialmente para lograr la paz.<\/p>\n<p><strong>Sources: <\/strong><\/p>\n<blockquote class=\"wp-embedded-content\" data-secret=\"flRVhhT9kG\"><p><a href=\"https:\/\/filco.es\/confucio-pilar-sabiduria-oriental\/\">Confucio: pilar de la sabidur\u00eda oriental<\/a><\/p><\/blockquote>\n<p><iframe class=\"wp-embedded-content\" sandbox=\"allow-scripts\" security=\"restricted\" style=\"position: absolute; visibility: hidden;\" title=\"\u00abConfucio: pilar de la sabidur\u00eda oriental\u00bb \u2014 FILOSOF\u00cdA&amp;CO\" src=\"https:\/\/filco.es\/confucio-pilar-sabiduria-oriental\/embed\/#?secret=UzPZ9zIGEg#?secret=flRVhhT9kG\" data-secret=\"flRVhhT9kG\" width=\"500\" height=\"282\" frameborder=\"0\" marginwidth=\"0\" marginheight=\"0\" scrolling=\"no\"><\/iframe><\/p>\n<p>https:\/\/mihistoriauniversal.com\/biografia\/confucio<\/p>","protected":false},"excerpt":{"rendered":"<p>CONFUCIO El\u00a028 de septiembre\u00a0de 551 A.C. nace\u00a0Confucio, un fil\u00f3sofo, moralista, estadista y pedagogo chino, probablemente la figura intelectual m\u00e1s famosa del gigante asi\u00e1tico. El pensamiento de Confucio ha sido el responsable de moldear la cultura del pueblo chino ya sea en las artes, la pol\u00edtica, la religi\u00f3n, la moral, las costumbres, la organizaci\u00f3n social y [&hellip;]<\/p>\n","protected":false},"author":2,"featured_media":12547,"comment_status":"open","ping_status":"open","sticky":false,"template":"","format":"standard","meta":{"footnotes":""},"categories":[1],"tags":[],"class_list":["post-12546","post","type-post","status-publish","format-standard","has-post-thumbnail","hentry","category-sin-categoria"],"_links":{"self":[{"href":"https:\/\/www.aprendamandarin.com\/en\/wp-json\/wp\/v2\/posts\/12546","targetHints":{"allow":["GET"]}}],"collection":[{"href":"https:\/\/www.aprendamandarin.com\/en\/wp-json\/wp\/v2\/posts"}],"about":[{"href":"https:\/\/www.aprendamandarin.com\/en\/wp-json\/wp\/v2\/types\/post"}],"author":[{"embeddable":true,"href":"https:\/\/www.aprendamandarin.com\/en\/wp-json\/wp\/v2\/users\/2"}],"replies":[{"embeddable":true,"href":"https:\/\/www.aprendamandarin.com\/en\/wp-json\/wp\/v2\/comments?post=12546"}],"version-history":[{"count":1,"href":"https:\/\/www.aprendamandarin.com\/en\/wp-json\/wp\/v2\/posts\/12546\/revisions"}],"predecessor-version":[{"id":12548,"href":"https:\/\/www.aprendamandarin.com\/en\/wp-json\/wp\/v2\/posts\/12546\/revisions\/12548"}],"wp:featuredmedia":[{"embeddable":true,"href":"https:\/\/www.aprendamandarin.com\/en\/wp-json\/wp\/v2\/media\/12547"}],"wp:attachment":[{"href":"https:\/\/www.aprendamandarin.com\/en\/wp-json\/wp\/v2\/media?parent=12546"}],"wp:term":[{"taxonomy":"category","embeddable":true,"href":"https:\/\/www.aprendamandarin.com\/en\/wp-json\/wp\/v2\/categories?post=12546"},{"taxonomy":"post_tag","embeddable":true,"href":"https:\/\/www.aprendamandarin.com\/en\/wp-json\/wp\/v2\/tags?post=12546"}],"curies":[{"name":"wp","href":"https:\/\/api.w.org\/{rel}","templated":true}]}}